{"id":8985,"date":"2026-01-27T10:47:39","date_gmt":"2026-01-27T10:47:39","guid":{"rendered":"https:\/\/newchapter.io\/?p=8985"},"modified":"2026-01-27T11:14:31","modified_gmt":"2026-01-27T11:14:31","slug":"jahresauftakt-2026-in-flensburg","status":"publish","type":"post","link":"https:\/\/newchapter.io\/en\/jahresauftakt-2026-in-flensburg\/","title":{"rendered":"Annual Kickoff 2026 in Flensburg"},"content":{"rendered":"<p>No Kings. Just Team.<\/p>\n\n\n\n<p>While global politics and economic trends are once again converging in Davos, we deliberately chose a different setting for our annual kickoff: Flensburg instead of an Alpine panorama \u2013 sea views instead of summit stress. \ud83c\udf0a\ud83d\ude09<\/p>\n\n\n\n<p>Our offsite was inspiring, connecting, and exactly the right mix of strategy, exchange, and togetherness. Especially because we work as a remote team spread across Germany, these shared days are particularly valuable: time to come together, connect in person, and strengthen our team spirit \u2013 far away from day-to-day business. And in the evenings, we were even rewarded with northern lights over the fjord. \u2728<\/p>\n\n\n\n<p>A real highlight this year was a new format:<br>Companies we have the privilege of supporting as a search and leadership advisory opened their doors to us and shared insights into their organizations. This change of perspective was truly enriching \u2013 seeing how structures, cultures, and strategies evolve, how growth is shaped, and which challenges these organizations are facing today.\n\nSuccessful perspective shifts that inspire and leave a lasting impact. With many new impulses, fresh energy, and real tailwinds, we are starting the new year \u2013 and looking forward to all the new chapters that 2026 will bring. \ud83d\ude80<br>Thank you to the entire team for your openness, curiosity, and this wonderful shared start to the year.<\/p>","protected":false},"excerpt":{"rendered":"<p>No Kings. Just Team. W\u00e4hrend sich in Davos wieder die Weltpolitik und globale Wirtschaftstrends die Klinke in die Hand geben, haben wir uns f\u00fcr unseren Jahresauftakt bewusst f\u00fcr eine andere Kulisse entschieden: Flensburg statt Alpenpanorama \u2013 Meerblick statt Gipfelstress. \ud83c\udf0a\ud83d\ude09 Unser Offsite war inspirierend, verbindend und genau die richtige Mischung aus Strategie, Austausch und Miteinander. [&hellip;]<\/p>\n","protected":false},"author":1,"featured_media":8986,"comment_status":"closed","ping_status":"open","sticky":false,"template":"","format":"standard","meta":{"ocean_post_layout":"","ocean_both_sidebars_style":"","ocean_both_sidebars_content_width":0,"ocean_both_sidebars_sidebars_width":0,"ocean_sidebar":"","ocean_second_sidebar":"","ocean_disable_margins":"enable","ocean_add_body_class":"","ocean_shortcode_before_top_bar":"","ocean_shortcode_after_top_bar":"","ocean_shortcode_before_header":"","ocean_shortcode_after_header":"","ocean_has_shortcode":"","ocean_shortcode_after_title":"","ocean_shortcode_before_footer_widgets":"","ocean_shortcode_after_footer_widgets":"","ocean_shortcode_before_footer_bottom":"","ocean_shortcode_after_footer_bottom":"","ocean_display_top_bar":"default","ocean_display_header":"default","ocean_header_style":"","ocean_center_header_left_menu":"","ocean_custom_header_template":"","ocean_custom_logo":0,"ocean_custom_retina_logo":0,"ocean_custom_logo_max_width":0,"ocean_custom_logo_tablet_max_width":0,"ocean_custom_logo_mobile_max_width":0,"ocean_custom_logo_max_height":0,"ocean_custom_logo_tablet_max_height":0,"ocean_custom_logo_mobile_max_height":0,"ocean_header_custom_menu":"","ocean_menu_typo_font_family":"","ocean_menu_typo_font_subset":"","ocean_menu_typo_font_size":0,"ocean_menu_typo_font_size_tablet":0,"ocean_menu_typo_font_size_mobile":0,"ocean_menu_typo_font_size_unit":"px","ocean_menu_typo_font_weight":"","ocean_menu_typo_font_weight_tablet":"","ocean_menu_typo_font_weight_mobile":"","ocean_menu_typo_transform":"","ocean_menu_typo_transform_tablet":"","ocean_menu_typo_transform_mobile":"","ocean_menu_typo_line_height":0,"ocean_menu_typo_line_height_tablet":0,"ocean_menu_typo_line_height_mobile":0,"ocean_menu_typo_line_height_unit":"","ocean_menu_typo_spacing":0,"ocean_menu_typo_spacing_tablet":0,"ocean_menu_typo_spacing_mobile":0,"ocean_menu_typo_spacing_unit":"","ocean_menu_link_color":"","ocean_menu_link_color_hover":"","ocean_menu_link_color_active":"","ocean_menu_link_background":"","ocean_menu_link_hover_background":"","ocean_menu_link_active_background":"","ocean_menu_social_links_bg":"","ocean_menu_social_hover_links_bg":"","ocean_menu_social_links_color":"","ocean_menu_social_hover_links_color":"","ocean_disable_title":"default","ocean_disable_heading":"default","ocean_post_title":"","ocean_post_subheading":"","ocean_post_title_style":"","ocean_post_title_background_color":"","ocean_post_title_background":0,"ocean_post_title_bg_image_position":"","ocean_post_title_bg_image_attachment":"","ocean_post_title_bg_image_repeat":"","ocean_post_title_bg_image_size":"","ocean_post_title_height":0,"ocean_post_title_bg_overlay":0.5,"ocean_post_title_bg_overlay_color":"","ocean_disable_breadcrumbs":"default","ocean_breadcrumbs_color":"","ocean_breadcrumbs_separator_color":"","ocean_breadcrumbs_links_color":"","ocean_breadcrumbs_links_hover_color":"","ocean_display_footer_widgets":"default","ocean_display_footer_bottom":"default","ocean_custom_footer_template":"","ocean_post_oembed":"","ocean_post_self_hosted_media":"","ocean_post_video_embed":"","ocean_link_format":"","ocean_link_format_target":"self","ocean_quote_format":"","ocean_quote_format_link":"post","ocean_gallery_link_images":"on","ocean_gallery_id":[]},"categories":[1],"tags":[],"yoast_head":"<!-- This site is optimized with the Yoast SEO Premium plugin v20.9 (Yoast SEO v21.1) - https:\/\/yoast.com\/wordpress\/plugins\/seo\/ -->\n<title>Jahresauftakt 2026 in Flensburg - New Chapter<\/title>\n<meta name=\"description\" content=\"New Chapter Executive Search &amp; Leadership Advisory - Ehrlich, Pers\u00f6nlich, Pragmatisch, Divers\" \/>\n<meta name=\"robots\" content=\"index, follow, max-snippet:-1, max-image-preview:large, max-video-preview:-1\" \/>\n<link rel=\"canonical\" href=\"http:\/\/newchapter.io\/en\/jahresauftakt-2026-in-flensburg\/\" \/>\n<meta property=\"og:locale\" content=\"en_US\" \/>\n<meta property=\"og:type\" content=\"article\" \/>\n<meta property=\"og:title\" content=\"Jahresauftakt 2026 in Flensburg\" \/>\n<meta property=\"og:description\" content=\"New Chapter Executive Search &amp; Leadership Advisory - Ehrlich, Pers\u00f6nlich, Pragmatisch, Divers\" \/>\n<meta property=\"og:url\" content=\"http:\/\/newchapter.io\/en\/jahresauftakt-2026-in-flensburg\/\" \/>\n<meta property=\"og:site_name\" content=\"New Chapter\" \/>\n<meta property=\"article:published_time\" content=\"2026-01-27T10:47:39+00:00\" \/>\n<meta property=\"article:modified_time\" content=\"2026-01-27T11:14:31+00:00\" \/>\n<meta property=\"og:image\" content=\"http:\/\/newchapter.io\/wp-content\/uploads\/2026\/01\/IMG_1752-scaled.jpg\" \/>\n\t<meta property=\"og:image:width\" content=\"2560\" \/>\n\t<meta property=\"og:image:height\" content=\"1385\" \/>\n\t<meta property=\"og:image:type\" content=\"image\/jpeg\" \/>\n<meta name=\"author\" content=\"Karen Wichels\" \/>\n<meta name=\"twitter:card\" content=\"summary_large_image\" \/>\n<meta name=\"twitter:label1\" content=\"Written by\" \/>\n\t<meta name=\"twitter:data1\" content=\"Karen Wichels\" \/>\n\t<meta name=\"twitter:label2\" content=\"Est. reading time\" \/>\n\t<meta name=\"twitter:data2\" content=\"2 minutes\" \/>\n<script type=\"application\/ld+json\" class=\"yoast-schema-graph\">{\"@context\":\"https:\/\/schema.org\",\"@graph\":[{\"@type\":\"Article\",\"@id\":\"http:\/\/newchapter.io\/jahresauftakt-2026-in-flensburg\/#article\",\"isPartOf\":{\"@id\":\"http:\/\/newchapter.io\/jahresauftakt-2026-in-flensburg\/\"},\"author\":{\"name\":\"Karen Wichels\",\"@id\":\"https:\/\/newchapter.io\/en\/#\/schema\/person\/70ea41058bd6449fb3a8576b5d67f7e0\"},\"headline\":\"Jahresauftakt 2026 in Flensburg\",\"datePublished\":\"2026-01-27T10:47:39+00:00\",\"dateModified\":\"2026-01-27T11:14:31+00:00\",\"mainEntityOfPage\":{\"@id\":\"http:\/\/newchapter.io\/jahresauftakt-2026-in-flensburg\/\"},\"wordCount\":210,\"publisher\":{\"@id\":\"https:\/\/newchapter.io\/en\/#organization\"},\"articleSection\":[\"Allgemein\"],\"inLanguage\":\"en-US\"},{\"@type\":\"WebPage\",\"@id\":\"http:\/\/newchapter.io\/jahresauftakt-2026-in-flensburg\/\",\"url\":\"http:\/\/newchapter.io\/jahresauftakt-2026-in-flensburg\/\",\"name\":\"Jahresauftakt 2026 in Flensburg - New Chapter\",\"isPartOf\":{\"@id\":\"https:\/\/newchapter.io\/en\/#website\"},\"datePublished\":\"2026-01-27T10:47:39+00:00\",\"dateModified\":\"2026-01-27T11:14:31+00:00\",\"description\":\"New Chapter Executive Search & Leadership Advisory - Ehrlich, Pers\u00f6nlich, Pragmatisch, Divers\",\"breadcrumb\":{\"@id\":\"http:\/\/newchapter.io\/jahresauftakt-2026-in-flensburg\/#breadcrumb\"},\"inLanguage\":\"en-US\",\"potentialAction\":[{\"@type\":\"ReadAction\",\"target\":[\"http:\/\/newchapter.io\/jahresauftakt-2026-in-flensburg\/\"]}]},{\"@type\":\"BreadcrumbList\",\"@id\":\"http:\/\/newchapter.io\/jahresauftakt-2026-in-flensburg\/#breadcrumb\",\"itemListElement\":[{\"@type\":\"ListItem\",\"position\":1,\"name\":\"Startseite\",\"item\":\"https:\/\/newchapter.io\/en\/\"},{\"@type\":\"ListItem\",\"position\":2,\"name\":\"Jahresauftakt 2026 in Flensburg\"}]},{\"@type\":\"WebSite\",\"@id\":\"https:\/\/newchapter.io\/en\/#website\",\"url\":\"https:\/\/newchapter.io\/en\/\",\"name\":\"Start a New Chapter with New Chapter Executive Search\",\"description\":\"New Chapter Executive Search and Leadership Advisory is a female-led executive search boutique with a focus on healthcare\/VC and PE - Honest, Personal, Pragmatic and Diverse\",\"publisher\":{\"@id\":\"https:\/\/newchapter.io\/en\/#organization\"},\"alternateName\":\"New Chapter Executive Search and Leadership Advisory\",\"potentialAction\":[{\"@type\":\"SearchAction\",\"target\":{\"@type\":\"EntryPoint\",\"urlTemplate\":\"https:\/\/newchapter.io\/en\/?s={search_term_string}\"},\"query-input\":\"required name=search_term_string\"}],\"inLanguage\":\"en-US\"},{\"@type\":\"Organization\",\"@id\":\"https:\/\/newchapter.io\/en\/#organization\",\"name\":\"New Chapter Executive Search GmbH\",\"url\":\"https:\/\/newchapter.io\/en\/\",\"logo\":{\"@type\":\"ImageObject\",\"inLanguage\":\"en-US\",\"@id\":\"https:\/\/newchapter.io\/en\/#\/schema\/logo\/image\/\",\"url\":\"https:\/\/newchapter.io\/wp-content\/uploads\/2021\/05\/LOGO_NewChapter_RGB_Schwarz.png\",\"contentUrl\":\"https:\/\/newchapter.io\/wp-content\/uploads\/2021\/05\/LOGO_NewChapter_RGB_Schwarz.png\",\"width\":1375,\"height\":500,\"caption\":\"New Chapter Executive Search GmbH\"},\"image\":{\"@id\":\"https:\/\/newchapter.io\/en\/#\/schema\/logo\/image\/\"},\"sameAs\":[\"https:\/\/www.linkedin.com\/company\/new-chapter-gmbh\/\"]},{\"@type\":\"Person\",\"@id\":\"https:\/\/newchapter.io\/en\/#\/schema\/person\/70ea41058bd6449fb3a8576b5d67f7e0\",\"name\":\"Karen Wichels\",\"image\":{\"@type\":\"ImageObject\",\"inLanguage\":\"en-US\",\"@id\":\"https:\/\/newchapter.io\/en\/#\/schema\/person\/image\/\",\"url\":\"https:\/\/secure.gravatar.com\/avatar\/04e0aac8c1ff25973bb6158974b9ee88?s=96&d=mm&r=g\",\"contentUrl\":\"https:\/\/secure.gravatar.com\/avatar\/04e0aac8c1ff25973bb6158974b9ee88?s=96&d=mm&r=g\",\"caption\":\"Karen Wichels\"},\"sameAs\":[\"https:\/\/newchapter.io\"],\"url\":\"https:\/\/newchapter.io\/en\/author\/humpfidumpf\/\"}]}<\/script>\n<!-- \/ Yoast SEO Premium plugin. -->","yoast_head_json":{"title":"Jahresauftakt 2026 in Flensburg - New Chapter","description":"New Chapter Executive Search & Leadership Advisory - Ehrlich, Pers\u00f6nlich, Pragmatisch, Divers","robots":{"index":"index","follow":"follow","max-snippet":"max-snippet:-1","max-image-preview":"max-image-preview:large","max-video-preview":"max-video-preview:-1"},"canonical":"http:\/\/newchapter.io\/en\/jahresauftakt-2026-in-flensburg\/","og_locale":"en_US","og_type":"article","og_title":"Jahresauftakt 2026 in Flensburg","og_description":"New Chapter Executive Search & Leadership Advisory - Ehrlich, Pers\u00f6nlich, Pragmatisch, Divers","og_url":"http:\/\/newchapter.io\/en\/jahresauftakt-2026-in-flensburg\/","og_site_name":"New Chapter","article_published_time":"2026-01-27T10:47:39+00:00","article_modified_time":"2026-01-27T11:14:31+00:00","og_image":[{"width":2560,"height":1385,"url":"http:\/\/newchapter.io\/wp-content\/uploads\/2026\/01\/IMG_1752-scaled.jpg","type":"image\/jpeg"}],"author":"Karen Wichels","twitter_card":"summary_large_image","twitter_misc":{"Written by":"Karen Wichels","Est. reading time":"2 minutes"},"schema":{"@context":"https:\/\/schema.org","@graph":[{"@type":"Article","@id":"http:\/\/newchapter.io\/jahresauftakt-2026-in-flensburg\/#article","isPartOf":{"@id":"http:\/\/newchapter.io\/jahresauftakt-2026-in-flensburg\/"},"author":{"name":"Karen Wichels","@id":"https:\/\/newchapter.io\/en\/#\/schema\/person\/70ea41058bd6449fb3a8576b5d67f7e0"},"headline":"Jahresauftakt 2026 in Flensburg","datePublished":"2026-01-27T10:47:39+00:00","dateModified":"2026-01-27T11:14:31+00:00","mainEntityOfPage":{"@id":"http:\/\/newchapter.io\/jahresauftakt-2026-in-flensburg\/"},"wordCount":210,"publisher":{"@id":"https:\/\/newchapter.io\/en\/#organization"},"articleSection":["Allgemein"],"inLanguage":"en-US"},{"@type":"WebPage","@id":"http:\/\/newchapter.io\/jahresauftakt-2026-in-flensburg\/","url":"http:\/\/newchapter.io\/jahresauftakt-2026-in-flensburg\/","name":"Jahresauftakt 2026 in Flensburg - New Chapter","isPartOf":{"@id":"https:\/\/newchapter.io\/en\/#website"},"datePublished":"2026-01-27T10:47:39+00:00","dateModified":"2026-01-27T11:14:31+00:00","description":"New Chapter Executive Search & Leadership Advisory - Ehrlich, Pers\u00f6nlich, Pragmatisch, Divers","breadcrumb":{"@id":"http:\/\/newchapter.io\/jahresauftakt-2026-in-flensburg\/#breadcrumb"},"inLanguage":"en-US","potentialAction":[{"@type":"ReadAction","target":["http:\/\/newchapter.io\/jahresauftakt-2026-in-flensburg\/"]}]},{"@type":"BreadcrumbList","@id":"http:\/\/newchapter.io\/jahresauftakt-2026-in-flensburg\/#breadcrumb","itemListElement":[{"@type":"ListItem","position":1,"name":"Startseite","item":"https:\/\/newchapter.io\/en\/"},{"@type":"ListItem","position":2,"name":"Jahresauftakt 2026 in Flensburg"}]},{"@type":"WebSite","@id":"https:\/\/newchapter.io\/en\/#website","url":"https:\/\/newchapter.io\/en\/","name":"Start a New Chapter with New Chapter Executive Search","description":"New Chapter Executive Search and Leadership Advisory is a female-led executive search boutique with a focus on healthcare\/VC and PE - Honest, Personal, Pragmatic and Diverse","publisher":{"@id":"https:\/\/newchapter.io\/en\/#organization"},"alternateName":"New Chapter Executive Search and Leadership Advisory","potentialAction":[{"@type":"SearchAction","target":{"@type":"EntryPoint","urlTemplate":"https:\/\/newchapter.io\/en\/?s={search_term_string}"},"query-input":"required name=search_term_string"}],"inLanguage":"en-US"},{"@type":"Organization","@id":"https:\/\/newchapter.io\/en\/#organization","name":"New Chapter Executive Search GmbH","url":"https:\/\/newchapter.io\/en\/","logo":{"@type":"ImageObject","inLanguage":"en-US","@id":"https:\/\/newchapter.io\/en\/#\/schema\/logo\/image\/","url":"https:\/\/newchapter.io\/wp-content\/uploads\/2021\/05\/LOGO_NewChapter_RGB_Schwarz.png","contentUrl":"https:\/\/newchapter.io\/wp-content\/uploads\/2021\/05\/LOGO_NewChapter_RGB_Schwarz.png","width":1375,"height":500,"caption":"New Chapter Executive Search GmbH"},"image":{"@id":"https:\/\/newchapter.io\/en\/#\/schema\/logo\/image\/"},"sameAs":["https:\/\/www.linkedin.com\/company\/new-chapter-gmbh\/"]},{"@type":"Person","@id":"https:\/\/newchapter.io\/en\/#\/schema\/person\/70ea41058bd6449fb3a8576b5d67f7e0","name":"Karen Wichels","image":{"@type":"ImageObject","inLanguage":"en-US","@id":"https:\/\/newchapter.io\/en\/#\/schema\/person\/image\/","url":"https:\/\/secure.gravatar.com\/avatar\/04e0aac8c1ff25973bb6158974b9ee88?s=96&d=mm&r=g","contentUrl":"https:\/\/secure.gravatar.com\/avatar\/04e0aac8c1ff25973bb6158974b9ee88?s=96&d=mm&r=g","caption":"Karen Wichels"},"sameAs":["https:\/\/newchapter.io"],"url":"https:\/\/newchapter.io\/en\/author\/humpfidumpf\/"}]}},"_links":{"self":[{"href":"https:\/\/newchapter.io\/en\/wp-json\/wp\/v2\/posts\/8985"}],"collection":[{"href":"https:\/\/newchapter.io\/en\/wp-json\/wp\/v2\/posts"}],"about":[{"href":"https:\/\/newchapter.io\/en\/wp-json\/wp\/v2\/types\/post"}],"author":[{"embeddable":true,"href":"https:\/\/newchapter.io\/en\/wp-json\/wp\/v2\/users\/1"}],"replies":[{"embeddable":true,"href":"https:\/\/newchapter.io\/en\/wp-json\/wp\/v2\/comments?post=8985"}],"version-history":[{"count":1,"href":"https:\/\/newchapter.io\/en\/wp-json\/wp\/v2\/posts\/8985\/revisions"}],"predecessor-version":[{"id":8989,"href":"https:\/\/newchapter.io\/en\/wp-json\/wp\/v2\/posts\/8985\/revisions\/8989"}],"wp:featuredmedia":[{"embeddable":true,"href":"https:\/\/newchapter.io\/en\/wp-json\/wp\/v2\/media\/8986"}],"wp:attachment":[{"href":"https:\/\/newchapter.io\/en\/wp-json\/wp\/v2\/media?parent=8985"}],"wp:term":[{"taxonomy":"category","embeddable":true,"href":"https:\/\/newchapter.io\/en\/wp-json\/wp\/v2\/categories?post=8985"},{"taxonomy":"post_tag","embeddable":true,"href":"https:\/\/newchapter.io\/en\/wp-json\/wp\/v2\/tags?post=8985"}],"curies":[{"name":"wp","href":"https:\/\/api.w.org\/{rel}","templated":true}]}}