{"id":8099,"date":"2025-01-27T10:13:39","date_gmt":"2025-01-27T10:13:39","guid":{"rendered":"https:\/\/newchapter.io\/?p=8099"},"modified":"2025-02-04T10:27:43","modified_gmt":"2025-02-04T10:27:43","slug":"jahresauftakt-in-der-lueneburger-heide","status":"publish","type":"post","link":"https:\/\/newchapter.io\/en\/jahresauftakt-in-der-lueneburger-heide\/","title":{"rendered":"Annual Kick-off in the L\u00fcneburger Heide"},"content":{"rendered":"<p>While the world meets in Davos, we have retreated for three inspiring days into the L\u00fcneburger Heide \u2013 right in the middle of a frosty, beautiful winter landscape. Time to reflect, strategically look ahead, and, above all, continue growing together as a team.<\/p>\n\n\n\n<p>In complete seclusion, right next to the oldest nature park in Germany, we not only defined new goals but also experienced unforgettable moments: curling, winter grilling, and deep conversations away from everyday life. Especially valuable were the personal encounters that often get overlooked in hybrid work.<\/p>\n\n\n\n<p>Our team is growing! At the beginning of 2024, we were 15, and now we are 20 colleagues \u2013 a dynamic, dedicated team. With fresh ideas, new inspiration, and lots of energy, we are starting the new year full of motivation.<\/p>\n\n\n\n<p>A huge thank you to all our colleagues: You are the heart of New Chapter Executive Search GmbH! <br>Eure Leidenschaft und euer Einsatz treiben uns voran.<\/p>\n\n\n\n<p>We are looking forward to all the exciting projects, challenges, and shared successes that 2025 will bring! <\/p>","protected":false},"excerpt":{"rendered":"<p>W\u00e4hrend die Welt in Davos tagt, haben wir uns f\u00fcr drei inspirierende Tage in die L\u00fcneburger Heide zur\u00fcckgezogen \u2013 mitten in einer frostigen, wundersch\u00f6nen Winterlandschaft. Zeit, um zur\u00fcckzublicken, strategisch nach vorne zu schauen und vor allem als Team weiter zusammenzuwachsen. In absoluter Alleinlage, direkt am \u00e4ltesten Naturpark Deutschlands, haben wir nicht nur neue Ziele definiert, [&hellip;]<\/p>\n","protected":false},"author":1,"featured_media":8100,"comment_status":"open","ping_status":"open","sticky":false,"template":"","format":"standard","meta":{"ocean_post_layout":"","ocean_both_sidebars_style":"","ocean_both_sidebars_content_width":0,"ocean_both_sidebars_sidebars_width":0,"ocean_sidebar":"","ocean_second_sidebar":"","ocean_disable_margins":"enable","ocean_add_body_class":"","ocean_shortcode_before_top_bar":"","ocean_shortcode_after_top_bar":"","ocean_shortcode_before_header":"","ocean_shortcode_after_header":"","ocean_has_shortcode":"","ocean_shortcode_after_title":"","ocean_shortcode_before_footer_widgets":"","ocean_shortcode_after_footer_widgets":"","ocean_shortcode_before_footer_bottom":"","ocean_shortcode_after_footer_bottom":"","ocean_display_top_bar":"default","ocean_display_header":"default","ocean_header_style":"","ocean_center_header_left_menu":"","ocean_custom_header_template":"","ocean_custom_logo":0,"ocean_custom_retina_logo":0,"ocean_custom_logo_max_width":0,"ocean_custom_logo_tablet_max_width":0,"ocean_custom_logo_mobile_max_width":0,"ocean_custom_logo_max_height":0,"ocean_custom_logo_tablet_max_height":0,"ocean_custom_logo_mobile_max_height":0,"ocean_header_custom_menu":"","ocean_menu_typo_font_family":"","ocean_menu_typo_font_subset":"","ocean_menu_typo_font_size":0,"ocean_menu_typo_font_size_tablet":0,"ocean_menu_typo_font_size_mobile":0,"ocean_menu_typo_font_size_unit":"px","ocean_menu_typo_font_weight":"","ocean_menu_typo_font_weight_tablet":"","ocean_menu_typo_font_weight_mobile":"","ocean_menu_typo_transform":"","ocean_menu_typo_transform_tablet":"","ocean_menu_typo_transform_mobile":"","ocean_menu_typo_line_height":0,"ocean_menu_typo_line_height_tablet":0,"ocean_menu_typo_line_height_mobile":0,"ocean_menu_typo_line_height_unit":"","ocean_menu_typo_spacing":0,"ocean_menu_typo_spacing_tablet":0,"ocean_menu_typo_spacing_mobile":0,"ocean_menu_typo_spacing_unit":"","ocean_menu_link_color":"","ocean_menu_link_color_hover":"","ocean_menu_link_color_active":"","ocean_menu_link_background":"","ocean_menu_link_hover_background":"","ocean_menu_link_active_background":"","ocean_menu_social_links_bg":"","ocean_menu_social_hover_links_bg":"","ocean_menu_social_links_color":"","ocean_menu_social_hover_links_color":"","ocean_disable_title":"default","ocean_disable_heading":"default","ocean_post_title":"","ocean_post_subheading":"","ocean_post_title_style":"","ocean_post_title_background_color":"","ocean_post_title_background":0,"ocean_post_title_bg_image_position":"","ocean_post_title_bg_image_attachment":"","ocean_post_title_bg_image_repeat":"","ocean_post_title_bg_image_size":"","ocean_post_title_height":0,"ocean_post_title_bg_overlay":0.5,"ocean_post_title_bg_overlay_color":"","ocean_disable_breadcrumbs":"default","ocean_breadcrumbs_color":"","ocean_breadcrumbs_separator_color":"","ocean_breadcrumbs_links_color":"","ocean_breadcrumbs_links_hover_color":"","ocean_display_footer_widgets":"default","ocean_display_footer_bottom":"default","ocean_custom_footer_template":"","ocean_post_oembed":"","ocean_post_self_hosted_media":"","ocean_post_video_embed":"","ocean_link_format":"","ocean_link_format_target":"self","ocean_quote_format":"","ocean_quote_format_link":"post","ocean_gallery_link_images":"on","ocean_gallery_id":[]},"categories":[1],"tags":[],"yoast_head":"<!-- This site is optimized with the Yoast SEO Premium plugin v20.9 (Yoast SEO v21.1) - https:\/\/yoast.com\/wordpress\/plugins\/seo\/ -->\n<title>Jahresauftakt in der L\u00fcneburger Heide - New Chapter<\/title>\n<meta name=\"description\" content=\"New Chapter Executive Search &amp; Leadership Advisory - Ehrlich, Pers\u00f6nlich, Pragmatisch, Divers\" \/>\n<meta name=\"robots\" content=\"index, follow, max-snippet:-1, max-image-preview:large, max-video-preview:-1\" \/>\n<link rel=\"canonical\" href=\"http:\/\/newchapter.io\/en\/jahresauftakt-in-der-lueneburger-heide\/\" \/>\n<meta property=\"og:locale\" content=\"en_US\" \/>\n<meta property=\"og:type\" content=\"article\" \/>\n<meta property=\"og:title\" content=\"Jahresauftakt in der L\u00fcneburger Heide\" \/>\n<meta property=\"og:description\" content=\"New Chapter Executive Search &amp; Leadership Advisory - Ehrlich, Pers\u00f6nlich, Pragmatisch, Divers\" \/>\n<meta property=\"og:url\" content=\"http:\/\/newchapter.io\/en\/jahresauftakt-in-der-lueneburger-heide\/\" \/>\n<meta property=\"og:site_name\" content=\"New Chapter\" \/>\n<meta property=\"article:published_time\" content=\"2025-01-27T10:13:39+00:00\" \/>\n<meta property=\"article:modified_time\" content=\"2025-02-04T10:27:43+00:00\" \/>\n<meta property=\"og:image\" content=\"http:\/\/newchapter.io\/wp-content\/uploads\/2025\/02\/Gruppe-Camp-Reinsehlen.jpg\" \/>\n\t<meta property=\"og:image:width\" content=\"1772\" \/>\n\t<meta property=\"og:image:height\" content=\"1181\" \/>\n\t<meta property=\"og:image:type\" content=\"image\/jpeg\" \/>\n<meta name=\"author\" content=\"Karen Wichels\" \/>\n<meta name=\"twitter:card\" content=\"summary_large_image\" \/>\n<meta name=\"twitter:label1\" content=\"Written by\" \/>\n\t<meta name=\"twitter:data1\" content=\"Karen Wichels\" \/>\n\t<meta name=\"twitter:label2\" content=\"Est. reading time\" \/>\n\t<meta name=\"twitter:data2\" content=\"1 minute\" \/>\n<script type=\"application\/ld+json\" class=\"yoast-schema-graph\">{\"@context\":\"https:\/\/schema.org\",\"@graph\":[{\"@type\":\"Article\",\"@id\":\"http:\/\/newchapter.io\/jahresauftakt-in-der-lueneburger-heide\/#article\",\"isPartOf\":{\"@id\":\"http:\/\/newchapter.io\/jahresauftakt-in-der-lueneburger-heide\/\"},\"author\":{\"name\":\"Karen Wichels\",\"@id\":\"https:\/\/newchapter.io\/en\/#\/schema\/person\/70ea41058bd6449fb3a8576b5d67f7e0\"},\"headline\":\"Jahresauftakt in der L\u00fcneburger Heide\",\"datePublished\":\"2025-01-27T10:13:39+00:00\",\"dateModified\":\"2025-02-04T10:27:43+00:00\",\"mainEntityOfPage\":{\"@id\":\"http:\/\/newchapter.io\/jahresauftakt-in-der-lueneburger-heide\/\"},\"wordCount\":174,\"commentCount\":0,\"publisher\":{\"@id\":\"https:\/\/newchapter.io\/en\/#organization\"},\"articleSection\":[\"Allgemein\"],\"inLanguage\":\"en-US\",\"potentialAction\":[{\"@type\":\"CommentAction\",\"name\":\"Comment\",\"target\":[\"http:\/\/newchapter.io\/jahresauftakt-in-der-lueneburger-heide\/#respond\"]}]},{\"@type\":\"WebPage\",\"@id\":\"http:\/\/newchapter.io\/jahresauftakt-in-der-lueneburger-heide\/\",\"url\":\"http:\/\/newchapter.io\/jahresauftakt-in-der-lueneburger-heide\/\",\"name\":\"Jahresauftakt in der L\u00fcneburger Heide - New Chapter\",\"isPartOf\":{\"@id\":\"https:\/\/newchapter.io\/en\/#website\"},\"datePublished\":\"2025-01-27T10:13:39+00:00\",\"dateModified\":\"2025-02-04T10:27:43+00:00\",\"description\":\"New Chapter Executive Search & Leadership Advisory - Ehrlich, Pers\u00f6nlich, Pragmatisch, Divers\",\"breadcrumb\":{\"@id\":\"http:\/\/newchapter.io\/jahresauftakt-in-der-lueneburger-heide\/#breadcrumb\"},\"inLanguage\":\"en-US\",\"potentialAction\":[{\"@type\":\"ReadAction\",\"target\":[\"http:\/\/newchapter.io\/jahresauftakt-in-der-lueneburger-heide\/\"]}]},{\"@type\":\"BreadcrumbList\",\"@id\":\"http:\/\/newchapter.io\/jahresauftakt-in-der-lueneburger-heide\/#breadcrumb\",\"itemListElement\":[{\"@type\":\"ListItem\",\"position\":1,\"name\":\"Startseite\",\"item\":\"https:\/\/newchapter.io\/en\/\"},{\"@type\":\"ListItem\",\"position\":2,\"name\":\"Jahresauftakt in der L\u00fcneburger Heide\"}]},{\"@type\":\"WebSite\",\"@id\":\"https:\/\/newchapter.io\/en\/#website\",\"url\":\"https:\/\/newchapter.io\/en\/\",\"name\":\"Start a New Chapter with New Chapter Executive Search\",\"description\":\"New Chapter Executive Search and Leadership Advisory is a female-led executive search boutique with a focus on healthcare\/VC and PE - Honest, Personal, Pragmatic and Diverse\",\"publisher\":{\"@id\":\"https:\/\/newchapter.io\/en\/#organization\"},\"alternateName\":\"New Chapter Executive Search and Leadership Advisory\",\"potentialAction\":[{\"@type\":\"SearchAction\",\"target\":{\"@type\":\"EntryPoint\",\"urlTemplate\":\"https:\/\/newchapter.io\/en\/?s={search_term_string}\"},\"query-input\":\"required name=search_term_string\"}],\"inLanguage\":\"en-US\"},{\"@type\":\"Organization\",\"@id\":\"https:\/\/newchapter.io\/en\/#organization\",\"name\":\"New Chapter Executive Search GmbH\",\"url\":\"https:\/\/newchapter.io\/en\/\",\"logo\":{\"@type\":\"ImageObject\",\"inLanguage\":\"en-US\",\"@id\":\"https:\/\/newchapter.io\/en\/#\/schema\/logo\/image\/\",\"url\":\"https:\/\/newchapter.io\/wp-content\/uploads\/2021\/05\/LOGO_NewChapter_RGB_Schwarz.png\",\"contentUrl\":\"https:\/\/newchapter.io\/wp-content\/uploads\/2021\/05\/LOGO_NewChapter_RGB_Schwarz.png\",\"width\":1375,\"height\":500,\"caption\":\"New Chapter Executive Search GmbH\"},\"image\":{\"@id\":\"https:\/\/newchapter.io\/en\/#\/schema\/logo\/image\/\"},\"sameAs\":[\"https:\/\/www.linkedin.com\/company\/new-chapter-gmbh\/\"]},{\"@type\":\"Person\",\"@id\":\"https:\/\/newchapter.io\/en\/#\/schema\/person\/70ea41058bd6449fb3a8576b5d67f7e0\",\"name\":\"Karen Wichels\",\"image\":{\"@type\":\"ImageObject\",\"inLanguage\":\"en-US\",\"@id\":\"https:\/\/newchapter.io\/en\/#\/schema\/person\/image\/\",\"url\":\"https:\/\/secure.gravatar.com\/avatar\/04e0aac8c1ff25973bb6158974b9ee88?s=96&d=mm&r=g\",\"contentUrl\":\"https:\/\/secure.gravatar.com\/avatar\/04e0aac8c1ff25973bb6158974b9ee88?s=96&d=mm&r=g\",\"caption\":\"Karen Wichels\"},\"sameAs\":[\"https:\/\/newchapter.io\"],\"url\":\"https:\/\/newchapter.io\/en\/author\/humpfidumpf\/\"}]}<\/script>\n<!-- \/ Yoast SEO Premium plugin. -->","yoast_head_json":{"title":"Jahresauftakt in der L\u00fcneburger Heide - New Chapter","description":"New Chapter Executive Search & Leadership Advisory - Ehrlich, Pers\u00f6nlich, Pragmatisch, Divers","robots":{"index":"index","follow":"follow","max-snippet":"max-snippet:-1","max-image-preview":"max-image-preview:large","max-video-preview":"max-video-preview:-1"},"canonical":"http:\/\/newchapter.io\/en\/jahresauftakt-in-der-lueneburger-heide\/","og_locale":"en_US","og_type":"article","og_title":"Jahresauftakt in der L\u00fcneburger Heide","og_description":"New Chapter Executive Search & Leadership Advisory - Ehrlich, Pers\u00f6nlich, Pragmatisch, Divers","og_url":"http:\/\/newchapter.io\/en\/jahresauftakt-in-der-lueneburger-heide\/","og_site_name":"New Chapter","article_published_time":"2025-01-27T10:13:39+00:00","article_modified_time":"2025-02-04T10:27:43+00:00","og_image":[{"width":1772,"height":1181,"url":"http:\/\/newchapter.io\/wp-content\/uploads\/2025\/02\/Gruppe-Camp-Reinsehlen.jpg","type":"image\/jpeg"}],"author":"Karen Wichels","twitter_card":"summary_large_image","twitter_misc":{"Written by":"Karen Wichels","Est. reading time":"1 minute"},"schema":{"@context":"https:\/\/schema.org","@graph":[{"@type":"Article","@id":"http:\/\/newchapter.io\/jahresauftakt-in-der-lueneburger-heide\/#article","isPartOf":{"@id":"http:\/\/newchapter.io\/jahresauftakt-in-der-lueneburger-heide\/"},"author":{"name":"Karen Wichels","@id":"https:\/\/newchapter.io\/en\/#\/schema\/person\/70ea41058bd6449fb3a8576b5d67f7e0"},"headline":"Jahresauftakt in der L\u00fcneburger Heide","datePublished":"2025-01-27T10:13:39+00:00","dateModified":"2025-02-04T10:27:43+00:00","mainEntityOfPage":{"@id":"http:\/\/newchapter.io\/jahresauftakt-in-der-lueneburger-heide\/"},"wordCount":174,"commentCount":0,"publisher":{"@id":"https:\/\/newchapter.io\/en\/#organization"},"articleSection":["Allgemein"],"inLanguage":"en-US","potentialAction":[{"@type":"CommentAction","name":"Comment","target":["http:\/\/newchapter.io\/jahresauftakt-in-der-lueneburger-heide\/#respond"]}]},{"@type":"WebPage","@id":"http:\/\/newchapter.io\/jahresauftakt-in-der-lueneburger-heide\/","url":"http:\/\/newchapter.io\/jahresauftakt-in-der-lueneburger-heide\/","name":"Jahresauftakt in der L\u00fcneburger Heide - New Chapter","isPartOf":{"@id":"https:\/\/newchapter.io\/en\/#website"},"datePublished":"2025-01-27T10:13:39+00:00","dateModified":"2025-02-04T10:27:43+00:00","description":"New Chapter Executive Search & Leadership Advisory - Ehrlich, Pers\u00f6nlich, Pragmatisch, Divers","breadcrumb":{"@id":"http:\/\/newchapter.io\/jahresauftakt-in-der-lueneburger-heide\/#breadcrumb"},"inLanguage":"en-US","potentialAction":[{"@type":"ReadAction","target":["http:\/\/newchapter.io\/jahresauftakt-in-der-lueneburger-heide\/"]}]},{"@type":"BreadcrumbList","@id":"http:\/\/newchapter.io\/jahresauftakt-in-der-lueneburger-heide\/#breadcrumb","itemListElement":[{"@type":"ListItem","position":1,"name":"Startseite","item":"https:\/\/newchapter.io\/en\/"},{"@type":"ListItem","position":2,"name":"Jahresauftakt in der L\u00fcneburger Heide"}]},{"@type":"WebSite","@id":"https:\/\/newchapter.io\/en\/#website","url":"https:\/\/newchapter.io\/en\/","name":"Start a New Chapter with New Chapter Executive Search","description":"New Chapter Executive Search and Leadership Advisory is a female-led executive search boutique with a focus on healthcare\/VC and PE - Honest, Personal, Pragmatic and Diverse","publisher":{"@id":"https:\/\/newchapter.io\/en\/#organization"},"alternateName":"New Chapter Executive Search and Leadership Advisory","potentialAction":[{"@type":"SearchAction","target":{"@type":"EntryPoint","urlTemplate":"https:\/\/newchapter.io\/en\/?s={search_term_string}"},"query-input":"required name=search_term_string"}],"inLanguage":"en-US"},{"@type":"Organization","@id":"https:\/\/newchapter.io\/en\/#organization","name":"New Chapter Executive Search GmbH","url":"https:\/\/newchapter.io\/en\/","logo":{"@type":"ImageObject","inLanguage":"en-US","@id":"https:\/\/newchapter.io\/en\/#\/schema\/logo\/image\/","url":"https:\/\/newchapter.io\/wp-content\/uploads\/2021\/05\/LOGO_NewChapter_RGB_Schwarz.png","contentUrl":"https:\/\/newchapter.io\/wp-content\/uploads\/2021\/05\/LOGO_NewChapter_RGB_Schwarz.png","width":1375,"height":500,"caption":"New Chapter Executive Search GmbH"},"image":{"@id":"https:\/\/newchapter.io\/en\/#\/schema\/logo\/image\/"},"sameAs":["https:\/\/www.linkedin.com\/company\/new-chapter-gmbh\/"]},{"@type":"Person","@id":"https:\/\/newchapter.io\/en\/#\/schema\/person\/70ea41058bd6449fb3a8576b5d67f7e0","name":"Karen Wichels","image":{"@type":"ImageObject","inLanguage":"en-US","@id":"https:\/\/newchapter.io\/en\/#\/schema\/person\/image\/","url":"https:\/\/secure.gravatar.com\/avatar\/04e0aac8c1ff25973bb6158974b9ee88?s=96&d=mm&r=g","contentUrl":"https:\/\/secure.gravatar.com\/avatar\/04e0aac8c1ff25973bb6158974b9ee88?s=96&d=mm&r=g","caption":"Karen Wichels"},"sameAs":["https:\/\/newchapter.io"],"url":"https:\/\/newchapter.io\/en\/author\/humpfidumpf\/"}]}},"_links":{"self":[{"href":"https:\/\/newchapter.io\/en\/wp-json\/wp\/v2\/posts\/8099"}],"collection":[{"href":"https:\/\/newchapter.io\/en\/wp-json\/wp\/v2\/posts"}],"about":[{"href":"https:\/\/newchapter.io\/en\/wp-json\/wp\/v2\/types\/post"}],"author":[{"embeddable":true,"href":"https:\/\/newchapter.io\/en\/wp-json\/wp\/v2\/users\/1"}],"replies":[{"embeddable":true,"href":"https:\/\/newchapter.io\/en\/wp-json\/wp\/v2\/comments?post=8099"}],"version-history":[{"count":2,"href":"https:\/\/newchapter.io\/en\/wp-json\/wp\/v2\/posts\/8099\/revisions"}],"predecessor-version":[{"id":8102,"href":"https:\/\/newchapter.io\/en\/wp-json\/wp\/v2\/posts\/8099\/revisions\/8102"}],"wp:featuredmedia":[{"embeddable":true,"href":"https:\/\/newchapter.io\/en\/wp-json\/wp\/v2\/media\/8100"}],"wp:attachment":[{"href":"https:\/\/newchapter.io\/en\/wp-json\/wp\/v2\/media?parent=8099"}],"wp:term":[{"taxonomy":"category","embeddable":true,"href":"https:\/\/newchapter.io\/en\/wp-json\/wp\/v2\/categories?post=8099"},{"taxonomy":"post_tag","embeddable":true,"href":"https:\/\/newchapter.io\/en\/wp-json\/wp\/v2\/tags?post=8099"}],"curies":[{"name":"wp","href":"https:\/\/api.w.org\/{rel}","templated":true}]}}