{"id":7136,"date":"2024-06-12T12:31:00","date_gmt":"2024-06-12T12:31:00","guid":{"rendered":"https:\/\/newchapter.io\/?p=7136"},"modified":"2025-02-04T10:37:24","modified_gmt":"2025-02-04T10:37:24","slug":"ein-new-chapter-fuer-new-chapter-das-webinar","status":"publish","type":"post","link":"https:\/\/newchapter.io\/en\/ein-new-chapter-fuer-new-chapter-das-webinar\/","title":{"rendered":"Kick-off of our Webinar series"},"content":{"rendered":"<p>On Tuesday, June 11th, an exciting and the first webinar organized by New Chapter on career options took place ahead of the DEGRO Congress. The 30-minute online event provided comprehensive insights into career opportunities for radiation therapists.<\/p>\n\n\n\n<p>The topic \"Clinic, Private Practice, MVZ \u2013 Where Is My Career Path Leading?\" was aimed at doctors approaching their specialist certification, as well as specialists already working in a clinic or practice and considering a career change. Even those who are satisfied with their current work environment but are still interested in various career options had the opportunity to participate in the webinar.<\/p>\n\n\n\n<p>A doctor and three female doctors, all experienced radiation therapists, shared valuable insights into their daily professional lives both in private practice and practice networks. The discussion covered, among other topics, the pros and cons of working in a clinic versus private practice, work-life balance, research opportunities in the outpatient sector, and the expectations of good employers.<\/p>\n\n\n\n<p>We would like to thank all participants for their interest and active participation. The high level of engagement encourages us to continue offering such webinars in the future. We look forward to future events and to providing you with valuable insights and support on your professional journey.<\/p>","protected":false},"excerpt":{"rendered":"<p>Am Dienstag, den 11. Juni, fand im Vorfeld des DEGRO-Kongresses ein spannendes und das erste von New Chapter organisierte Webinar zu Karriereoptionen statt. Das 30-min\u00fctige Online-Event bot umfassende Einblicke in die beruflichen M\u00f6glichkeiten f\u00fcr Strahlentherapeuten. Das Thema &#8222;Klinik, Niederlassung, MVZ &#8211; Wohin geht mein Berufsweg?&#8220; richtete sich an \u00c4rzt*innen die vor ihrem Facharzt stehen, sowie [&hellip;]<\/p>\n","protected":false},"author":1,"featured_media":7165,"comment_status":"open","ping_status":"open","sticky":false,"template":"","format":"standard","meta":{"ocean_post_layout":"","ocean_both_sidebars_style":"","ocean_both_sidebars_content_width":0,"ocean_both_sidebars_sidebars_width":0,"ocean_sidebar":"","ocean_second_sidebar":"","ocean_disable_margins":"enable","ocean_add_body_class":"","ocean_shortcode_before_top_bar":"","ocean_shortcode_after_top_bar":"","ocean_shortcode_before_header":"","ocean_shortcode_after_header":"","ocean_has_shortcode":"","ocean_shortcode_after_title":"","ocean_shortcode_before_footer_widgets":"","ocean_shortcode_after_footer_widgets":"","ocean_shortcode_before_footer_bottom":"","ocean_shortcode_after_footer_bottom":"","ocean_display_top_bar":"default","ocean_display_header":"default","ocean_header_style":"","ocean_center_header_left_menu":"","ocean_custom_header_template":"","ocean_custom_logo":0,"ocean_custom_retina_logo":0,"ocean_custom_logo_max_width":0,"ocean_custom_logo_tablet_max_width":0,"ocean_custom_logo_mobile_max_width":0,"ocean_custom_logo_max_height":0,"ocean_custom_logo_tablet_max_height":0,"ocean_custom_logo_mobile_max_height":0,"ocean_header_custom_menu":"","ocean_menu_typo_font_family":"","ocean_menu_typo_font_subset":"","ocean_menu_typo_font_size":0,"ocean_menu_typo_font_size_tablet":0,"ocean_menu_typo_font_size_mobile":0,"ocean_menu_typo_font_size_unit":"px","ocean_menu_typo_font_weight":"","ocean_menu_typo_font_weight_tablet":"","ocean_menu_typo_font_weight_mobile":"","ocean_menu_typo_transform":"","ocean_menu_typo_transform_tablet":"","ocean_menu_typo_transform_mobile":"","ocean_menu_typo_line_height":0,"ocean_menu_typo_line_height_tablet":0,"ocean_menu_typo_line_height_mobile":0,"ocean_menu_typo_line_height_unit":"","ocean_menu_typo_spacing":0,"ocean_menu_typo_spacing_tablet":0,"ocean_menu_typo_spacing_mobile":0,"ocean_menu_typo_spacing_unit":"","ocean_menu_link_color":"","ocean_menu_link_color_hover":"","ocean_menu_link_color_active":"","ocean_menu_link_background":"","ocean_menu_link_hover_background":"","ocean_menu_link_active_background":"","ocean_menu_social_links_bg":"","ocean_menu_social_hover_links_bg":"","ocean_menu_social_links_color":"","ocean_menu_social_hover_links_color":"","ocean_disable_title":"default","ocean_disable_heading":"default","ocean_post_title":"","ocean_post_subheading":"","ocean_post_title_style":"","ocean_post_title_background_color":"","ocean_post_title_background":0,"ocean_post_title_bg_image_position":"","ocean_post_title_bg_image_attachment":"","ocean_post_title_bg_image_repeat":"","ocean_post_title_bg_image_size":"","ocean_post_title_height":0,"ocean_post_title_bg_overlay":0.5,"ocean_post_title_bg_overlay_color":"","ocean_disable_breadcrumbs":"default","ocean_breadcrumbs_color":"","ocean_breadcrumbs_separator_color":"","ocean_breadcrumbs_links_color":"","ocean_breadcrumbs_links_hover_color":"","ocean_display_footer_widgets":"default","ocean_display_footer_bottom":"default","ocean_custom_footer_template":"","ocean_post_oembed":"","ocean_post_self_hosted_media":"","ocean_post_video_embed":"","ocean_link_format":"","ocean_link_format_target":"self","ocean_quote_format":"","ocean_quote_format_link":"post","ocean_gallery_link_images":"on","ocean_gallery_id":[]},"categories":[1],"tags":[],"yoast_head":"<!-- This site is optimized with the Yoast SEO Premium plugin v20.9 (Yoast SEO v21.1) - https:\/\/yoast.com\/wordpress\/plugins\/seo\/ -->\n<title>Kick-off unserer Webinar-Serie - New Chapter<\/title>\n<meta name=\"description\" content=\"New Chapter Executive Search &amp; Leadership Advisory - Ehrlich, Pers\u00f6nlich, Pragmatisch, Divers\" \/>\n<meta name=\"robots\" content=\"index, follow, max-snippet:-1, max-image-preview:large, max-video-preview:-1\" \/>\n<link rel=\"canonical\" href=\"https:\/\/newchapter.io\/en\/ein-new-chapter-fuer-new-chapter-das-webinar\/\" \/>\n<meta property=\"og:locale\" content=\"en_US\" \/>\n<meta property=\"og:type\" content=\"article\" \/>\n<meta property=\"og:title\" content=\"Kick-off unserer Webinar-Serie\" \/>\n<meta property=\"og:description\" content=\"New Chapter Executive Search &amp; Leadership Advisory - Ehrlich, Pers\u00f6nlich, Pragmatisch, Divers\" \/>\n<meta property=\"og:url\" content=\"https:\/\/newchapter.io\/en\/ein-new-chapter-fuer-new-chapter-das-webinar\/\" \/>\n<meta property=\"og:site_name\" content=\"New Chapter\" \/>\n<meta property=\"article:published_time\" content=\"2024-06-12T12:31:00+00:00\" \/>\n<meta property=\"article:modified_time\" content=\"2025-02-04T10:37:24+00:00\" \/>\n<meta property=\"og:image\" content=\"https:\/\/newchapter.io\/wp-content\/uploads\/2024\/06\/image-1024x682.png\" \/>\n\t<meta property=\"og:image:width\" content=\"1024\" \/>\n\t<meta property=\"og:image:height\" content=\"682\" \/>\n\t<meta property=\"og:image:type\" content=\"image\/png\" \/>\n<meta name=\"author\" content=\"Karen Wichels\" \/>\n<meta name=\"twitter:card\" content=\"summary_large_image\" \/>\n<meta name=\"twitter:label1\" content=\"Written by\" \/>\n\t<meta name=\"twitter:data1\" content=\"Karen Wichels\" \/>\n\t<meta name=\"twitter:label2\" content=\"Est. reading time\" \/>\n\t<meta name=\"twitter:data2\" content=\"2 minutes\" \/>\n<script type=\"application\/ld+json\" class=\"yoast-schema-graph\">{\"@context\":\"https:\/\/schema.org\",\"@graph\":[{\"@type\":\"Article\",\"@id\":\"https:\/\/newchapter.io\/ein-new-chapter-fuer-new-chapter-das-webinar\/#article\",\"isPartOf\":{\"@id\":\"https:\/\/newchapter.io\/ein-new-chapter-fuer-new-chapter-das-webinar\/\"},\"author\":{\"name\":\"Karen Wichels\",\"@id\":\"https:\/\/newchapter.io\/en\/#\/schema\/person\/70ea41058bd6449fb3a8576b5d67f7e0\"},\"headline\":\"Kick-off unserer Webinar-Serie\",\"datePublished\":\"2024-06-12T12:31:00+00:00\",\"dateModified\":\"2025-02-04T10:37:24+00:00\",\"mainEntityOfPage\":{\"@id\":\"https:\/\/newchapter.io\/ein-new-chapter-fuer-new-chapter-das-webinar\/\"},\"wordCount\":207,\"commentCount\":0,\"publisher\":{\"@id\":\"https:\/\/newchapter.io\/en\/#organization\"},\"articleSection\":[\"Allgemein\"],\"inLanguage\":\"en-US\",\"potentialAction\":[{\"@type\":\"CommentAction\",\"name\":\"Comment\",\"target\":[\"https:\/\/newchapter.io\/ein-new-chapter-fuer-new-chapter-das-webinar\/#respond\"]}]},{\"@type\":\"WebPage\",\"@id\":\"https:\/\/newchapter.io\/ein-new-chapter-fuer-new-chapter-das-webinar\/\",\"url\":\"https:\/\/newchapter.io\/ein-new-chapter-fuer-new-chapter-das-webinar\/\",\"name\":\"Kick-off unserer Webinar-Serie - New Chapter\",\"isPartOf\":{\"@id\":\"https:\/\/newchapter.io\/en\/#website\"},\"datePublished\":\"2024-06-12T12:31:00+00:00\",\"dateModified\":\"2025-02-04T10:37:24+00:00\",\"description\":\"New Chapter Executive Search & Leadership Advisory - Ehrlich, Pers\u00f6nlich, Pragmatisch, Divers\",\"breadcrumb\":{\"@id\":\"https:\/\/newchapter.io\/ein-new-chapter-fuer-new-chapter-das-webinar\/#breadcrumb\"},\"inLanguage\":\"en-US\",\"potentialAction\":[{\"@type\":\"ReadAction\",\"target\":[\"https:\/\/newchapter.io\/ein-new-chapter-fuer-new-chapter-das-webinar\/\"]}]},{\"@type\":\"BreadcrumbList\",\"@id\":\"https:\/\/newchapter.io\/ein-new-chapter-fuer-new-chapter-das-webinar\/#breadcrumb\",\"itemListElement\":[{\"@type\":\"ListItem\",\"position\":1,\"name\":\"Startseite\",\"item\":\"https:\/\/newchapter.io\/en\/\"},{\"@type\":\"ListItem\",\"position\":2,\"name\":\"Kick-off unserer Webinar-Serie\"}]},{\"@type\":\"WebSite\",\"@id\":\"https:\/\/newchapter.io\/en\/#website\",\"url\":\"https:\/\/newchapter.io\/en\/\",\"name\":\"Start a New Chapter with New Chapter Executive Search\",\"description\":\"New Chapter Executive Search and Leadership Advisory is a female-led executive search boutique with a focus on healthcare\/VC and PE - Honest, Personal, Pragmatic and Diverse\",\"publisher\":{\"@id\":\"https:\/\/newchapter.io\/en\/#organization\"},\"alternateName\":\"New Chapter Executive Search and Leadership Advisory\",\"potentialAction\":[{\"@type\":\"SearchAction\",\"target\":{\"@type\":\"EntryPoint\",\"urlTemplate\":\"https:\/\/newchapter.io\/en\/?s={search_term_string}\"},\"query-input\":\"required name=search_term_string\"}],\"inLanguage\":\"en-US\"},{\"@type\":\"Organization\",\"@id\":\"https:\/\/newchapter.io\/en\/#organization\",\"name\":\"New Chapter Executive Search GmbH\",\"url\":\"https:\/\/newchapter.io\/en\/\",\"logo\":{\"@type\":\"ImageObject\",\"inLanguage\":\"en-US\",\"@id\":\"https:\/\/newchapter.io\/en\/#\/schema\/logo\/image\/\",\"url\":\"https:\/\/newchapter.io\/wp-content\/uploads\/2021\/05\/LOGO_NewChapter_RGB_Schwarz.png\",\"contentUrl\":\"https:\/\/newchapter.io\/wp-content\/uploads\/2021\/05\/LOGO_NewChapter_RGB_Schwarz.png\",\"width\":1375,\"height\":500,\"caption\":\"New Chapter Executive Search GmbH\"},\"image\":{\"@id\":\"https:\/\/newchapter.io\/en\/#\/schema\/logo\/image\/\"},\"sameAs\":[\"https:\/\/www.linkedin.com\/company\/new-chapter-gmbh\/\"]},{\"@type\":\"Person\",\"@id\":\"https:\/\/newchapter.io\/en\/#\/schema\/person\/70ea41058bd6449fb3a8576b5d67f7e0\",\"name\":\"Karen Wichels\",\"image\":{\"@type\":\"ImageObject\",\"inLanguage\":\"en-US\",\"@id\":\"https:\/\/newchapter.io\/en\/#\/schema\/person\/image\/\",\"url\":\"https:\/\/secure.gravatar.com\/avatar\/04e0aac8c1ff25973bb6158974b9ee88?s=96&d=mm&r=g\",\"contentUrl\":\"https:\/\/secure.gravatar.com\/avatar\/04e0aac8c1ff25973bb6158974b9ee88?s=96&d=mm&r=g\",\"caption\":\"Karen Wichels\"},\"sameAs\":[\"https:\/\/newchapter.io\"],\"url\":\"https:\/\/newchapter.io\/en\/author\/humpfidumpf\/\"}]}<\/script>\n<!-- \/ Yoast SEO Premium plugin. -->","yoast_head_json":{"title":"Kick-off unserer Webinar-Serie - New Chapter","description":"New Chapter Executive Search & Leadership Advisory - Ehrlich, Pers\u00f6nlich, Pragmatisch, Divers","robots":{"index":"index","follow":"follow","max-snippet":"max-snippet:-1","max-image-preview":"max-image-preview:large","max-video-preview":"max-video-preview:-1"},"canonical":"https:\/\/newchapter.io\/en\/ein-new-chapter-fuer-new-chapter-das-webinar\/","og_locale":"en_US","og_type":"article","og_title":"Kick-off unserer Webinar-Serie","og_description":"New Chapter Executive Search & Leadership Advisory - Ehrlich, Pers\u00f6nlich, Pragmatisch, Divers","og_url":"https:\/\/newchapter.io\/en\/ein-new-chapter-fuer-new-chapter-das-webinar\/","og_site_name":"New Chapter","article_published_time":"2024-06-12T12:31:00+00:00","article_modified_time":"2025-02-04T10:37:24+00:00","og_image":[{"width":1024,"height":682,"url":"https:\/\/newchapter.io\/wp-content\/uploads\/2024\/06\/image-1024x682.png","type":"image\/png"}],"author":"Karen Wichels","twitter_card":"summary_large_image","twitter_misc":{"Written by":"Karen Wichels","Est. reading time":"2 minutes"},"schema":{"@context":"https:\/\/schema.org","@graph":[{"@type":"Article","@id":"https:\/\/newchapter.io\/ein-new-chapter-fuer-new-chapter-das-webinar\/#article","isPartOf":{"@id":"https:\/\/newchapter.io\/ein-new-chapter-fuer-new-chapter-das-webinar\/"},"author":{"name":"Karen Wichels","@id":"https:\/\/newchapter.io\/en\/#\/schema\/person\/70ea41058bd6449fb3a8576b5d67f7e0"},"headline":"Kick-off unserer Webinar-Serie","datePublished":"2024-06-12T12:31:00+00:00","dateModified":"2025-02-04T10:37:24+00:00","mainEntityOfPage":{"@id":"https:\/\/newchapter.io\/ein-new-chapter-fuer-new-chapter-das-webinar\/"},"wordCount":207,"commentCount":0,"publisher":{"@id":"https:\/\/newchapter.io\/en\/#organization"},"articleSection":["Allgemein"],"inLanguage":"en-US","potentialAction":[{"@type":"CommentAction","name":"Comment","target":["https:\/\/newchapter.io\/ein-new-chapter-fuer-new-chapter-das-webinar\/#respond"]}]},{"@type":"WebPage","@id":"https:\/\/newchapter.io\/ein-new-chapter-fuer-new-chapter-das-webinar\/","url":"https:\/\/newchapter.io\/ein-new-chapter-fuer-new-chapter-das-webinar\/","name":"Kick-off unserer Webinar-Serie - New Chapter","isPartOf":{"@id":"https:\/\/newchapter.io\/en\/#website"},"datePublished":"2024-06-12T12:31:00+00:00","dateModified":"2025-02-04T10:37:24+00:00","description":"New Chapter Executive Search & Leadership Advisory - Ehrlich, Pers\u00f6nlich, Pragmatisch, Divers","breadcrumb":{"@id":"https:\/\/newchapter.io\/ein-new-chapter-fuer-new-chapter-das-webinar\/#breadcrumb"},"inLanguage":"en-US","potentialAction":[{"@type":"ReadAction","target":["https:\/\/newchapter.io\/ein-new-chapter-fuer-new-chapter-das-webinar\/"]}]},{"@type":"BreadcrumbList","@id":"https:\/\/newchapter.io\/ein-new-chapter-fuer-new-chapter-das-webinar\/#breadcrumb","itemListElement":[{"@type":"ListItem","position":1,"name":"Startseite","item":"https:\/\/newchapter.io\/en\/"},{"@type":"ListItem","position":2,"name":"Kick-off unserer Webinar-Serie"}]},{"@type":"WebSite","@id":"https:\/\/newchapter.io\/en\/#website","url":"https:\/\/newchapter.io\/en\/","name":"Start a New Chapter with New Chapter Executive Search","description":"New Chapter Executive Search and Leadership Advisory is a female-led executive search boutique with a focus on healthcare\/VC and PE - Honest, Personal, Pragmatic and Diverse","publisher":{"@id":"https:\/\/newchapter.io\/en\/#organization"},"alternateName":"New Chapter Executive Search and Leadership Advisory","potentialAction":[{"@type":"SearchAction","target":{"@type":"EntryPoint","urlTemplate":"https:\/\/newchapter.io\/en\/?s={search_term_string}"},"query-input":"required name=search_term_string"}],"inLanguage":"en-US"},{"@type":"Organization","@id":"https:\/\/newchapter.io\/en\/#organization","name":"New Chapter Executive Search GmbH","url":"https:\/\/newchapter.io\/en\/","logo":{"@type":"ImageObject","inLanguage":"en-US","@id":"https:\/\/newchapter.io\/en\/#\/schema\/logo\/image\/","url":"https:\/\/newchapter.io\/wp-content\/uploads\/2021\/05\/LOGO_NewChapter_RGB_Schwarz.png","contentUrl":"https:\/\/newchapter.io\/wp-content\/uploads\/2021\/05\/LOGO_NewChapter_RGB_Schwarz.png","width":1375,"height":500,"caption":"New Chapter Executive Search GmbH"},"image":{"@id":"https:\/\/newchapter.io\/en\/#\/schema\/logo\/image\/"},"sameAs":["https:\/\/www.linkedin.com\/company\/new-chapter-gmbh\/"]},{"@type":"Person","@id":"https:\/\/newchapter.io\/en\/#\/schema\/person\/70ea41058bd6449fb3a8576b5d67f7e0","name":"Karen Wichels","image":{"@type":"ImageObject","inLanguage":"en-US","@id":"https:\/\/newchapter.io\/en\/#\/schema\/person\/image\/","url":"https:\/\/secure.gravatar.com\/avatar\/04e0aac8c1ff25973bb6158974b9ee88?s=96&d=mm&r=g","contentUrl":"https:\/\/secure.gravatar.com\/avatar\/04e0aac8c1ff25973bb6158974b9ee88?s=96&d=mm&r=g","caption":"Karen Wichels"},"sameAs":["https:\/\/newchapter.io"],"url":"https:\/\/newchapter.io\/en\/author\/humpfidumpf\/"}]}},"_links":{"self":[{"href":"https:\/\/newchapter.io\/en\/wp-json\/wp\/v2\/posts\/7136"}],"collection":[{"href":"https:\/\/newchapter.io\/en\/wp-json\/wp\/v2\/posts"}],"about":[{"href":"https:\/\/newchapter.io\/en\/wp-json\/wp\/v2\/types\/post"}],"author":[{"embeddable":true,"href":"https:\/\/newchapter.io\/en\/wp-json\/wp\/v2\/users\/1"}],"replies":[{"embeddable":true,"href":"https:\/\/newchapter.io\/en\/wp-json\/wp\/v2\/comments?post=7136"}],"version-history":[{"count":8,"href":"https:\/\/newchapter.io\/en\/wp-json\/wp\/v2\/posts\/7136\/revisions"}],"predecessor-version":[{"id":8103,"href":"https:\/\/newchapter.io\/en\/wp-json\/wp\/v2\/posts\/7136\/revisions\/8103"}],"wp:featuredmedia":[{"embeddable":true,"href":"https:\/\/newchapter.io\/en\/wp-json\/wp\/v2\/media\/7165"}],"wp:attachment":[{"href":"https:\/\/newchapter.io\/en\/wp-json\/wp\/v2\/media?parent=7136"}],"wp:term":[{"taxonomy":"category","embeddable":true,"href":"https:\/\/newchapter.io\/en\/wp-json\/wp\/v2\/categories?post=7136"},{"taxonomy":"post_tag","embeddable":true,"href":"https:\/\/newchapter.io\/en\/wp-json\/wp\/v2\/tags?post=7136"}],"curies":[{"name":"wp","href":"https:\/\/api.w.org\/{rel}","templated":true}]}}